{"id":13530,"date":"2025-06-06T14:43:53","date_gmt":"2025-06-06T12:43:53","guid":{"rendered":"https:\/\/faktoria-pruszcz.pl\/?p=13530"},"modified":"2025-06-06T14:50:58","modified_gmt":"2025-06-06T12:50:58","slug":"noc-swietojanska","status":"publish","type":"post","link":"https:\/\/faktoria-pruszcz.pl\/?p=13530","title":{"rendered":"Noc \u015awi\u0119toja\u0144ska"},"content":{"rendered":"\n<p data-start=\"81\" data-end=\"380\">Ju\u017c 22 czerwca 2025 r. zapraszamy serdecznie do Faktorii Handlowej w Pruszczu Gda\u0144skim na wyj\u0105tkowe wydarzenie \u2013 Noc \u015awi\u0119toja\u0144sk\u0105. To wiecz\u00f3r pe\u0142en s\u0142owia\u0144skich tradycji, dawnych obrz\u0119d\u00f3w i warsztat\u00f3w, kt\u00f3ry przeniesie uczestnik\u00f3w w \u015bwiat legend, natury i wsp\u00f3lnego \u015bwi\u0119towania przesilenia letniego.<\/p>\n<p><strong>Program wydarzenia:<\/strong><\/p>\n<p><strong>16:00<\/strong> \u2013 Otwarcie bram Faktorii<\/p>\n<p><strong>17:00\u201318:00<\/strong> \u2013 Plecenie wiank\u00f3w<br>Warsztaty, podczas kt\u00f3rych uczestnicy w\u0142asnor\u0119cznie wykonaj\u0105 \u015bwi\u0119toja\u0144skie wianki i poznaj\u0105 ich znaczenie w tradycji ludowej. Zach\u0119camy uczestnik\u00f3w do przyniesienia ze sob\u0105 polnych kwiat\u00f3w i zielonych ga\u0142\u0105zek.<\/p>\n<p><strong>18:00\u201319:00<\/strong> \u2013 Koncert grupy wokalnej BIA\u0141OG\u0141OSY<br>Wyst\u0119p artystyczny zespo\u0142u prezentuj\u0105cego muzyk\u0119 inspirowan\u0105 dawn\u0105 kultur\u0105 s\u0142owia\u0144sk\u0105.<\/p>\n<p><strong>19:00\u201320:00<\/strong> \u2013 Strzelanie z \u0142uku i robienie s\u0142omianych laleczek<br>Zaj\u0119cia praktyczne nawi\u0105zuj\u0105ce do rzemios\u0142 i zabaw sprzed wiek\u00f3w.<\/p>\n<p><strong>20:00\u201321:00<\/strong> \u2013 Warsztaty z wytwarzania glinianych, runicznych amulet\u00f3w<br>Mo\u017cliwo\u015b\u0107 stworzenia w\u0142asnego amuletu z gliny inspirowanego dawn\u0105 symbolik\u0105 runiczn\u0105.<\/p>\n<p><strong>21:00\u201321:45<\/strong> \u2013 Skakanie przez ognisko<br>Tradycyjny rytua\u0142 oczyszczenia i odwagi, zwi\u0105zany z obchodami Nocy Kupa\u0142y.<\/p>\n<p><strong>22:00<\/strong> \u2013 Zamkni\u0119cie bram Faktorii<\/p>\n<p data-start=\"1295\" data-end=\"1458\">To doskona\u0142a okazja, aby sp\u0119dzi\u0107 czas w rodzinnej atmosferze, zanurzy\u0107 si\u0119 w s\u0142owia\u0144skim dziedzictwie i prze\u017cy\u0107 niezapomniany wiecz\u00f3r w otoczeniu przyrody i ognia.<\/p>\n<p data-start=\"1295\" data-end=\"1458\">Dodatkowo przez ca\u0142y czas trwania wydarzenia b\u0119dzie p\u0142on\u0119\u0142o ognisko, przy kt\u00f3rym mo\u017cna usi\u0105\u015b\u0107 i upiec przyniesion\u0105 przez siebie kie\u0142bask\u0119.<\/p>\n<p data-start=\"1460\" data-end=\"1550\" data-is-last-node=\"\" data-is-only-node=\"\">Zapraszamy mieszka\u0144c\u00f3w Pruszcza Gda\u0144skiego i okolic do wsp\u00f3lnego \u015bwi\u0119towania.&nbsp;<\/p>\n<p data-start=\"1460\" data-end=\"1550\" data-is-last-node=\"\" data-is-only-node=\"\">Obowi\u0105zuj\u0105 bilety wst\u0119pu.<\/p>\n<p data-start=\"1460\" data-end=\"1550\" data-is-last-node=\"\" data-is-only-node=\"\">&nbsp;<\/p>\n<p data-start=\"1460\" data-end=\"1550\" data-is-last-node=\"\" data-is-only-node=\"\">_______________________________________________<\/p>\n<p class=\"cvGsUA direction-ltr align-start para-style-body\"><span class=\"OYPEnA font-feature-liga-off font-feature-clig-off font-feature-calt-off text-decoration-none text-strikethrough-none\">Happening realizowany w ramach programu profilaktycznego przeciwdzia\u0142ania alkoholizmowi i narkomani&nbsp;<\/span><span class=\"OYPEnA font-feature-liga-off font-feature-clig-off font-feature-calt-off text-decoration-none text-strikethrough-none\">oraz przeciwdzia\u0142aniu uzale\u017cnieniom od hazardu,&nbsp;<\/span><span class=\"OYPEnA font-feature-liga-off font-feature-clig-off font-feature-calt-off text-decoration-none text-strikethrough-none\">urz\u0105dze\u0144 elektronicznych oraz Internetu i gier komputerowych.<\/span><\/p>\n","protected":false},"excerpt":{"rendered":"<p>Ju\u017c 22 czerwca 2025 r. zapraszamy serdecznie do Faktorii Handlowej w Pruszczu Gda\u0144skim na wyj\u0105tkowe wydarzenie \u2013 Noc \u015awi\u0119toja\u0144sk\u0105. To wiecz\u00f3r pe\u0142en s\u0142owia\u0144skich tradycji, dawnych obrz\u0119d\u00f3w i warsztat\u00f3w, kt\u00f3ry przeniesie uczestnik\u00f3w w \u015bwiat legend, natury i <a class=\"more-link\" href=\"https:\/\/faktoria-pruszcz.pl\/?p=13530?p=m\">Czytaj dalej&#8230;<\/a><\/p>\n","protected":false},"author":6,"featured_media":13531,"comment_status":"closed","ping_status":"closed","sticky":false,"template":"","format":"standard","meta":{"ngg_post_thumbnail":0,"footnotes":""},"categories":[27],"tags":[],"class_list":["post-13530","post","type-post","status-publish","format-standard","has-post-thumbnail","hentry","category-news"],"_links":{"self":[{"href":"https:\/\/faktoria-pruszcz.pl\/index.php?rest_route=\/wp\/v2\/posts\/13530","targetHints":{"allow":["GET"]}}],"collection":[{"href":"https:\/\/faktoria-pruszcz.pl\/index.php?rest_route=\/wp\/v2\/posts"}],"about":[{"href":"https:\/\/faktoria-pruszcz.pl\/index.php?rest_route=\/wp\/v2\/types\/post"}],"author":[{"embeddable":true,"href":"https:\/\/faktoria-pruszcz.pl\/index.php?rest_route=\/wp\/v2\/users\/6"}],"replies":[{"embeddable":true,"href":"https:\/\/faktoria-pruszcz.pl\/index.php?rest_route=%2Fwp%2Fv2%2Fcomments&post=13530"}],"version-history":[{"count":2,"href":"https:\/\/faktoria-pruszcz.pl\/index.php?rest_route=\/wp\/v2\/posts\/13530\/revisions"}],"predecessor-version":[{"id":13533,"href":"https:\/\/faktoria-pruszcz.pl\/index.php?rest_route=\/wp\/v2\/posts\/13530\/revisions\/13533"}],"wp:featuredmedia":[{"embeddable":true,"href":"https:\/\/faktoria-pruszcz.pl\/index.php?rest_route=\/wp\/v2\/media\/13531"}],"wp:attachment":[{"href":"https:\/\/faktoria-pruszcz.pl\/index.php?rest_route=%2Fwp%2Fv2%2Fmedia&parent=13530"}],"wp:term":[{"taxonomy":"category","embeddable":true,"href":"https:\/\/faktoria-pruszcz.pl\/index.php?rest_route=%2Fwp%2Fv2%2Fcategories&post=13530"},{"taxonomy":"post_tag","embeddable":true,"href":"https:\/\/faktoria-pruszcz.pl\/index.php?rest_route=%2Fwp%2Fv2%2Ftags&post=13530"}],"curies":[{"name":"wp","href":"https:\/\/api.w.org\/{rel}","templated":true}]}}